{"id":89939,"date":"2025-07-28T10:17:15","date_gmt":"2025-07-28T08:17:15","guid":{"rendered":"https:\/\/www.prensoland.com\/?p=89939"},"modified":"2025-07-28T10:17:16","modified_gmt":"2025-07-28T08:17:16","slug":"prensoland-au-concrete-show","status":"publish","type":"post","link":"https:\/\/www.prensoland.com\/fr\/prensoland-au-concrete-show\/","title":{"rendered":"Prensoland au Concrete Show &#8211; Brazil 2025"},"content":{"rendered":"<p><strong>Prensoland sera pr\u00e9sent au Concrete Show Brazil 2025<\/strong><br \/><strong>S\u00e3o Paulo, Br\u00e9sil<\/strong><br \/><strong>Du 19 au 21 ao\u00fbt 2025<\/strong><br \/><strong>Stand C132<\/strong><\/p>\n<p><strong>La 16e \u00e9dition s\u2019annonce encore meilleure\u00a0!<\/strong><br \/>Apportant une richesse d\u2019exp\u00e9riences et d\u2019innovations au secteur, le Concrete Show 2025 promet trois jours intenses de contenus de qualit\u00e9, de networking et d\u2019opportunit\u00e9s commerciales.<\/p>\n<p>L\u2019\u00e9v\u00e9nement r\u00e9unira plus de 450 marques nationales et internationales, qui pr\u00e9senteront leurs derni\u00e8res nouveaut\u00e9s et tendances, avec les meilleures solutions pour le march\u00e9 de la construction. Tout cela se d\u00e9roulera dans les halls 1, 2 et 3 du S\u00e3o Paulo Expo.<\/p>\n<p>En parall\u00e8le, plus de 130 heures de contenus exclusifs et pertinents sont en cours de pr\u00e9paration, con\u00e7us pour renforcer les connaissances techniques et les qualifications professionnelles des participants.<\/p>\n<p>Chez Prensoland, nous pr\u00e9senterons nos machines et solutions technologiques pour le b\u00e9ton pr\u00e9fabriqu\u00e9, avec un accent particulier sur l\u2019innovation, l\u2019efficacit\u00e9 et l\u2019adaptabilit\u00e9 au march\u00e9 latino-am\u00e9ricain.<\/p>\n<p><strong>Nous vous attendons au stand C132. Venez nous rendre visite\u00a0!<\/strong><\/p>\n<p><strong>Horaires \/ Lieu<\/strong><br \/>De 13h00 \u00e0 20h00<br \/>S\u00e3o Paulo Expo \u2013 Rodovia dos Imigrantes \u2013 km 1,5<\/p>\n<p><strong>Obtenez votre billet <a href=\"https:\/\/www.concreteshow.com.br\/en\/Register.html\">ici<\/a><\/strong><br \/><strong>Pour en savoir plus sur le Concrete Show 2025, <a href=\"https:\/\/www.concreteshow.com.br\/en\/home.html\">cliquez ici<\/a><\/strong><\/p>\n\n\n<p><\/p>\n","protected":false},"excerpt":{"rendered":"<p>Prensoland sera pr\u00e9sent au Concrete Show Brazil 2025S\u00e3o Paulo, Br\u00e9silDu [&hellip;]<\/p>\n","protected":false},"author":7,"featured_media":89935,"comment_status":"closed","ping_status":"closed","sticky":false,"template":"","format":"standard","meta":{"footnotes":""},"categories":[14],"tags":[136,271,80,82,83,227,62],"class_list":{"0":"post-89939","1":"post","2":"type-post","3":"status-publish","4":"format-standard","5":"has-post-thumbnail","7":"category-events-fr","8":"tag-compacta-fr","9":"tag-concrete-show-3","10":"tag-foire-de-la-construction","11":"tag-precontrainte","12":"tag-prefabriquees","13":"tag-prensoland-3","14":"tag-tensyland-fr","16":"post-with-thumbnail","17":"post-with-thumbnail-icon"},"yoast_head":"<!-- This site is optimized with the Yoast SEO plugin v27.3 - https:\/\/yoast.com\/product\/yoast-seo-wordpress\/ -->\n<title>Prensoland au Concrete Show - Brazil 2025 | prensoland.com<\/title>\n<meta name=\"description\" content=\"Prensoland participera au Concrete Show Brazil, Du 19 au 21 ao\u00fbt 2025, o\u00f9\u00a0 pr\u00e9sentera ses derni\u00e8res innovations technologiques.\" \/>\n<meta name=\"robots\" content=\"index, follow, max-snippet:-1, max-image-preview:large, max-video-preview:-1\" \/>\n<link rel=\"canonical\" href=\"https:\/\/www.prensoland.com\/fr\/prensoland-au-concrete-show\/\" \/>\n<meta property=\"og:locale\" content=\"fr_FR\" \/>\n<meta property=\"og:type\" content=\"article\" \/>\n<meta property=\"og:title\" content=\"Prensoland au Concrete Show - Brazil 2025 | prensoland.com\" \/>\n<meta property=\"og:description\" content=\"Prensoland participera au Concrete Show Brazil, Du 19 au 21 ao\u00fbt 2025, o\u00f9\u00a0 pr\u00e9sentera ses derni\u00e8res innovations technologiques.\" \/>\n<meta property=\"og:url\" content=\"https:\/\/www.prensoland.com\/fr\/prensoland-au-concrete-show\/\" \/>\n<meta property=\"og:site_name\" content=\"prensoland.com\" \/>\n<meta property=\"article:publisher\" content=\"https:\/\/www.facebook.com\/PRENSOLAND\/\" \/>\n<meta property=\"article:published_time\" content=\"2025-07-28T08:17:15+00:00\" \/>\n<meta property=\"article:modified_time\" content=\"2025-07-28T08:17:16+00:00\" \/>\n<meta property=\"og:image\" content=\"https:\/\/www.prensoland.com\/wp-content\/uploads\/PNG-2.png\" \/>\n\t<meta property=\"og:image:width\" content=\"1737\" \/>\n\t<meta property=\"og:image:height\" content=\"1752\" \/>\n\t<meta property=\"og:image:type\" content=\"image\/png\" \/>\n<meta name=\"author\" content=\"Montse Punti\" \/>\n<meta name=\"twitter:card\" content=\"summary_large_image\" \/>\n<meta name=\"twitter:creator\" content=\"@prensoland\" \/>\n<meta name=\"twitter:site\" content=\"@prensoland\" \/>\n<meta name=\"twitter:label1\" content=\"Written by\" \/>\n\t<meta name=\"twitter:data1\" content=\"Montse Punti\" \/>\n\t<meta name=\"twitter:label2\" content=\"Est. reading time\" \/>\n\t<meta name=\"twitter:data2\" content=\"2 minutes\" \/>\n<!-- \/ Yoast SEO plugin. -->","yoast_head_json":{"title":"Prensoland au Concrete Show - Brazil 2025 | prensoland.com","description":"Prensoland participera au Concrete Show Brazil, Du 19 au 21 ao\u00fbt 2025, o\u00f9\u00a0 pr\u00e9sentera ses derni\u00e8res innovations technologiques.","robots":{"index":"index","follow":"follow","max-snippet":"max-snippet:-1","max-image-preview":"max-image-preview:large","max-video-preview":"max-video-preview:-1"},"canonical":"https:\/\/www.prensoland.com\/fr\/prensoland-au-concrete-show\/","og_locale":"fr_FR","og_type":"article","og_title":"Prensoland au Concrete Show - Brazil 2025 | prensoland.com","og_description":"Prensoland participera au Concrete Show Brazil, Du 19 au 21 ao\u00fbt 2025, o\u00f9\u00a0 pr\u00e9sentera ses derni\u00e8res innovations technologiques.","og_url":"https:\/\/www.prensoland.com\/fr\/prensoland-au-concrete-show\/","og_site_name":"prensoland.com","article_publisher":"https:\/\/www.facebook.com\/PRENSOLAND\/","article_published_time":"2025-07-28T08:17:15+00:00","article_modified_time":"2025-07-28T08:17:16+00:00","og_image":[{"width":1737,"height":1752,"url":"https:\/\/www.prensoland.com\/wp-content\/uploads\/PNG-2.png","type":"image\/png"}],"author":"Montse Punti","twitter_card":"summary_large_image","twitter_creator":"@prensoland","twitter_site":"@prensoland","twitter_misc":{"Written by":"Montse Punti","Est. reading time":"2 minutes"},"schema":{"@context":"https:\/\/schema.org","@graph":[{"@type":"Article","@id":"https:\/\/www.prensoland.com\/fr\/prensoland-au-concrete-show\/#article","isPartOf":{"@id":"https:\/\/www.prensoland.com\/fr\/prensoland-au-concrete-show\/"},"author":{"name":"Montse Punti","@id":"https:\/\/www.prensoland.com\/fr\/#\/schema\/person\/b4fb038e60998e2f0ad414d811aa0b28"},"headline":"Prensoland au Concrete Show &#8211; Brazil 2025","datePublished":"2025-07-28T08:17:15+00:00","dateModified":"2025-07-28T08:17:16+00:00","mainEntityOfPage":{"@id":"https:\/\/www.prensoland.com\/fr\/prensoland-au-concrete-show\/"},"wordCount":205,"publisher":{"@id":"https:\/\/www.prensoland.com\/fr\/#organization"},"image":{"@id":"https:\/\/www.prensoland.com\/fr\/prensoland-au-concrete-show\/#primaryimage"},"thumbnailUrl":"https:\/\/www.prensoland.com\/wp-content\/uploads\/PNG-2.png","keywords":["Compacta","concrete show","Foire de la Construction","Precontrainte","Pr\u00e9fabrique\u00e9s","Prensoland","tensyland"],"articleSection":["Events"],"inLanguage":"fr"},{"@type":"WebPage","@id":"https:\/\/www.prensoland.com\/fr\/prensoland-au-concrete-show\/","url":"https:\/\/www.prensoland.com\/fr\/prensoland-au-concrete-show\/","name":"Prensoland au Concrete Show - Brazil 2025 | prensoland.com","isPartOf":{"@id":"https:\/\/www.prensoland.com\/fr\/#website"},"primaryImageOfPage":{"@id":"https:\/\/www.prensoland.com\/fr\/prensoland-au-concrete-show\/#primaryimage"},"image":{"@id":"https:\/\/www.prensoland.com\/fr\/prensoland-au-concrete-show\/#primaryimage"},"thumbnailUrl":"https:\/\/www.prensoland.com\/wp-content\/uploads\/PNG-2.png","datePublished":"2025-07-28T08:17:15+00:00","dateModified":"2025-07-28T08:17:16+00:00","description":"Prensoland participera au Concrete Show Brazil, Du 19 au 21 ao\u00fbt 2025, o\u00f9\u00a0 pr\u00e9sentera ses derni\u00e8res innovations technologiques.","breadcrumb":{"@id":"https:\/\/www.prensoland.com\/fr\/prensoland-au-concrete-show\/#breadcrumb"},"inLanguage":"fr","potentialAction":[{"@type":"ReadAction","target":["https:\/\/www.prensoland.com\/fr\/prensoland-au-concrete-show\/"]}]},{"@type":"ImageObject","inLanguage":"fr","@id":"https:\/\/www.prensoland.com\/fr\/prensoland-au-concrete-show\/#primaryimage","url":"https:\/\/www.prensoland.com\/wp-content\/uploads\/PNG-2.png","contentUrl":"https:\/\/www.prensoland.com\/wp-content\/uploads\/PNG-2.png","width":1737,"height":1752},{"@type":"BreadcrumbList","@id":"https:\/\/www.prensoland.com\/fr\/prensoland-au-concrete-show\/#breadcrumb","itemListElement":[{"@type":"ListItem","position":1,"name":"Prensoland","item":"https:\/\/www.prensoland.com\/fr\/"},{"@type":"ListItem","position":2,"name":"Events","item":"https:\/\/www.prensoland.com\/fr\/category\/events-fr\/"},{"@type":"ListItem","position":3,"name":"Prensoland au Concrete Show &#8211; Brazil 2025"}]},{"@type":"WebSite","@id":"https:\/\/www.prensoland.com\/fr\/#website","url":"https:\/\/www.prensoland.com\/fr\/","name":"prensoland.com","description":"","publisher":{"@id":"https:\/\/www.prensoland.com\/fr\/#organization"},"potentialAction":[{"@type":"SearchAction","target":{"@type":"EntryPoint","urlTemplate":"https:\/\/www.prensoland.com\/fr\/?s={search_term_string}"},"query-input":{"@type":"PropertyValueSpecification","valueRequired":true,"valueName":"search_term_string"}}],"inLanguage":"fr"},{"@type":"Organization","@id":"https:\/\/www.prensoland.com\/fr\/#organization","name":"Prensoland","url":"https:\/\/www.prensoland.com\/fr\/","logo":{"@type":"ImageObject","inLanguage":"fr","@id":"https:\/\/www.prensoland.com\/fr\/#\/schema\/logo\/image\/","url":"https:\/\/www.prensoland.com\/wp-content\/uploads\/2016\/11\/prensoland-logo.png","contentUrl":"https:\/\/www.prensoland.com\/wp-content\/uploads\/2016\/11\/prensoland-logo.png","width":129,"height":125,"caption":"Prensoland"},"image":{"@id":"https:\/\/www.prensoland.com\/fr\/#\/schema\/logo\/image\/"},"sameAs":["https:\/\/www.facebook.com\/PRENSOLAND\/","https:\/\/x.com\/prensoland","https:\/\/www.linkedin.com\/company\/2341896","https:\/\/es.pinterest.com\/prensoland\/","https:\/\/www.youtube.com\/user\/PRENSOLAND"]},{"@type":"Person","@id":"https:\/\/www.prensoland.com\/fr\/#\/schema\/person\/b4fb038e60998e2f0ad414d811aa0b28","name":"Montse Punti"}]}},"_links":{"self":[{"href":"https:\/\/www.prensoland.com\/fr\/wp-json\/wp\/v2\/posts\/89939","targetHints":{"allow":["GET"]}}],"collection":[{"href":"https:\/\/www.prensoland.com\/fr\/wp-json\/wp\/v2\/posts"}],"about":[{"href":"https:\/\/www.prensoland.com\/fr\/wp-json\/wp\/v2\/types\/post"}],"author":[{"embeddable":true,"href":"https:\/\/www.prensoland.com\/fr\/wp-json\/wp\/v2\/users\/7"}],"replies":[{"embeddable":true,"href":"https:\/\/www.prensoland.com\/fr\/wp-json\/wp\/v2\/comments?post=89939"}],"version-history":[{"count":1,"href":"https:\/\/www.prensoland.com\/fr\/wp-json\/wp\/v2\/posts\/89939\/revisions"}],"predecessor-version":[{"id":89944,"href":"https:\/\/www.prensoland.com\/fr\/wp-json\/wp\/v2\/posts\/89939\/revisions\/89944"}],"wp:featuredmedia":[{"embeddable":true,"href":"https:\/\/www.prensoland.com\/fr\/wp-json\/wp\/v2\/media\/89935"}],"wp:attachment":[{"href":"https:\/\/www.prensoland.com\/fr\/wp-json\/wp\/v2\/media?parent=89939"}],"wp:term":[{"taxonomy":"category","embeddable":true,"href":"https:\/\/www.prensoland.com\/fr\/wp-json\/wp\/v2\/categories?post=89939"},{"taxonomy":"post_tag","embeddable":true,"href":"https:\/\/www.prensoland.com\/fr\/wp-json\/wp\/v2\/tags?post=89939"}],"curies":[{"name":"wp","href":"https:\/\/api.w.org\/{rel}","templated":true}]}}